{"id":235,"date":"2025-10-14T14:20:39","date_gmt":"2025-10-14T12:20:39","guid":{"rendered":"https:\/\/hg9sbxburkv.preview.infomaniak.website\/?p=235"},"modified":"2025-10-14T14:20:39","modified_gmt":"2025-10-14T12:20:39","slug":"invitation-au-congres-du-12-novembre-07-10-2025","status":"publish","type":"post","link":"https:\/\/snudifo75.com\/index.php\/2025\/10\/14\/invitation-au-congres-du-12-novembre-07-10-2025\/","title":{"rendered":"Invitation au congr\u00e8s du 12 novembre (07\/10\/2025)"},"content":{"rendered":"\n<div class=\"wp-block-group is-vertical is-layout-flex wp-container-core-group-is-layout-8cf370e7 wp-block-group-is-layout-flex\">\n<p class=\"has-vivid-red-color has-text-color has-link-color wp-elements-313356289797f55d6ea8f34a7e1f322d\"><strong><em>Congr\u00e8s extraordinaire<\/em><\/strong> <strong><em>du SNUDI-FO 75<\/em><\/strong><\/p>\n\n\n\n<p class=\"has-vivid-red-color has-text-color has-link-color wp-elements-207adf342fd3f56059503f3d9e858d8f\"><strong><em>Mercredi 12 novembre 2025 de 9h \u00e0 10h<\/em><\/strong><\/p>\n\n\n\n<p class=\"has-vivid-red-color has-text-color has-link-color wp-elements-1db2752b1d794a2573bc9947c1d9511e\"><strong><em>Suivi d\u2019une assembl\u00e9e g\u00e9n\u00e9rale du syndicat<\/em><\/strong> <strong><em>de 10h \u00e0 12h<\/em><\/strong><\/p>\n\n\n\n<p class=\"has-vivid-red-color has-text-color has-link-color wp-elements-cf5e4201b2c3b0f7c40c24676b6b3f0c\"><strong><em>Bourse du travail centrale, salle Jean Jaur\u00e8s<\/em><\/strong>, <strong><em>3 rue du Ch\u00e2teau d\u2019Eau, 75010, M\u00b0 R\u00e9publique<\/em><\/strong><\/p>\n<\/div>\n\n\n\n<p>Cher(e) camarade,<\/p>\n\n\n\n<p>En mai dernier, le Congr\u00e8s statutaire du SNUDI-FO 75 a renouvel\u00e9 les instances du syndicat d\u00e9partemental et a adopt\u00e9 une r\u00e9solution d\u00e9terminant nos revendications et notre orientation pour la p\u00e9riode \u00e0 venir.<\/p>\n\n\n\n<p>Pendant ce Congr\u00e8s, les adh\u00e9rents ont discut\u00e9 de la mise \u00e0 jour des statuts du SNUDI-FO Paris qui n\u2019ont pas \u00e9t\u00e9 modifi\u00e9s depuis 2010 et qui, dans leur forme actuelle, ne correspondent plus au fonctionnement effectif du syndicat.La modification des statuts du syndicat n\u00e9cessite l\u2019organisation d\u2019un Congr\u00e8s extraordinaire. Le Mercredi 12 novembre 2025, nous discuterons de ces propositions de modifications des statuts.<\/p>\n\n\n\n<p><strong><em><mark style=\"background-color:rgba(0, 0, 0, 0)\" class=\"has-inline-color has-vivid-red-color\">Vous \u00eates professeur des \u00e9coles, AESH, psy-EN et vous \u00eates syndiqu\u00e9(e) au SNUDI FO 75. Participez au congr\u00e8s extraordinaire du SNUDI FO 75 afin de discuter de la mise \u00e0 jour de nos statuts\u00a0!<\/mark><\/em><\/strong><\/p>\n\n\n\n<p>Ce Congr\u00e8s extraordinaire sera suivi d\u2019une assembl\u00e9e g\u00e9n\u00e9rale des adh\u00e9rents du SNUDI-FO 75. Cette rentr\u00e9e est en effet marqu\u00e9e par une crise sans pr\u00e9c\u00e9dent. Crise politique majeure en haut, avec la volont\u00e9 des diff\u00e9rents gouvernements successifs d\u2019imposer un plan d\u2019aust\u00e9rit\u00e9 d\u2019ampleur, crise g\u00e9n\u00e9ralis\u00e9e en bas, avec la multiplication de gr\u00e8ves sectorielles face aux manques de moyens, ainsi qu\u2019aux mobilisations du 10 septembre, du 18 septembre et du 2 octobre.<\/p>\n\n\n\n<p>\u00c0 Paris, les coll\u00e8gues sont confront\u00e9es \u00e0 des situations de plus en plus difficiles, et en particulier au manque de moyens pour la prise en charges des \u00e9l\u00e8ves en situation de handicap (d\u00e9lais de notifications, manque d\u2019AESH et de places en IME, ITEP\u2026). En septembre, une nouvelle fois, de nombreux personnels AESH ont \u00e9t\u00e9 confront\u00e9s \u00e0 de graves dysfonctionnements dans le versement de leurs salaires. Dans un nombre croissant d\u2019\u00e9coles, les personnels prennent, avec le syndicat, des initiatives pour gagner sur les revendications.<\/p>\n\n\n\n<p>Enfin, nous discuterons au sein de cette Assembl\u00e9e G\u00e9n\u00e9rale du mandat confi\u00e9 aux repr\u00e9sentants du SNUDI-FO 75 pour les Congr\u00e8s de la FNEC-FP FO et du SNUDI-FO national (15-19 d\u00e9cembre)<\/p>\n\n\n\n<p><strong><em><mark style=\"background-color:rgba(0, 0, 0, 0)\" class=\"has-inline-color has-vivid-red-color\">Venez discuter de ces questions lors de l\u2019AG du 12 novembre qui suivra le Congr\u00e8s extraordinaire<\/mark><\/em><\/strong><\/p>\n\n\n\n<p>Vous \u00eates invit\u00e9(e) \u00e0 participer au <strong>congr\u00e8s du syndicat<\/strong> (autorisation d\u2019absence de droit). N\u2019h\u00e9sitez pas \u00e0 vous inscrire&nbsp;! <strong>Signalez-le au syndicat afin que nous puissions vous envoyer la convocation<\/strong>(voir modalit\u00e9s plus bas).<\/p>\n\n\n\n<p class=\"has-text-align-center\"><strong><em><mark style=\"background-color:rgba(0, 0, 0, 0)\" class=\"has-inline-color has-vivid-red-color\">Comment s\u2019inscrire\u00a0?<\/mark><\/em><\/strong><\/p>\n\n\n\n<ul class=\"wp-block-list\">\n<li>Envoyer un SMS (06 95 32 01 01) ou un mail (<a href=\"mailto:snudifo75@gmail.com\">snudifo75@gmail.com<\/a>) pour que le syndicat vous envoie votre convocation<\/li>\n\n\n\n<li>Cette convocation sera \u00e0 envoyer \u00e0 votre IEN avec une demande d\u2019autorisation d\u2019absence.<\/li>\n<\/ul>\n\n\n\n<p><strong><em>Il n\u2019y a pas de d\u00e9lai r\u00e9glementaire, n\u00e9anmoins pour ne pas trop g\u00eaner les coll\u00e8gues et les parents, ne pas attendre le dernier moment.<\/em><\/strong><\/p>\n\n\n\n<p><strong>Si vous \u00eates AESH et que vous cumulez un emploi d\u2019animateur,<\/strong> merci de nous adresser en plus votre \u00e9cole d\u2019affectation ainsi que votre SOI afin que nous puissions vous fournir une deuxi\u00e8me convocation \u00e0 transmettre \u00e0 la Ville pour votre absence sur tout ou partie du temps du midi.<\/p>\n","protected":false},"excerpt":{"rendered":"<div class=\"mh-excerpt\">Congr\u00e8s extraordinaire du SNUDI-FO 75 Mercredi 12 novembre 2025 de 9h \u00e0 10h Suivi d\u2019une assembl\u00e9e g\u00e9n\u00e9rale du syndicat de 10h \u00e0 12h Bourse du travail centrale, salle Jean Jaur\u00e8s, 3 rue du Ch\u00e2teau d\u2019Eau, <a class=\"mh-excerpt-more\" href=\"https:\/\/snudifo75.com\/index.php\/2025\/10\/14\/invitation-au-congres-du-12-novembre-07-10-2025\/\" title=\"Invitation au congr\u00e8s du 12 novembre (07\/10\/2025)\">[&#8230;]<\/a><\/div>\n","protected":false},"author":2,"featured_media":236,"comment_status":"closed","ping_status":"closed","sticky":false,"template":"","format":"standard","meta":{"_price":"","_stock":"","_tribe_ticket_header":"","_tribe_default_ticket_provider":"","_tribe_ticket_capacity":"0","_ticket_start_date":"","_ticket_end_date":"","_tribe_ticket_show_description":"","_tribe_ticket_show_not_going":false,"_tribe_ticket_use_global_stock":"","_tribe_ticket_global_stock_level":"","_global_stock_mode":"","_global_stock_cap":"","_tribe_rsvp_for_event":"","_tribe_ticket_going_count":"","_tribe_ticket_not_going_count":"","_tribe_tickets_list":"[]","_tribe_ticket_has_attendee_info_fields":false,"footnotes":""},"categories":[36],"tags":[],"class_list":["post-235","post","type-post","status-publish","format-standard","has-post-thumbnail","category-communiques"],"_links":{"self":[{"href":"https:\/\/snudifo75.com\/index.php\/wp-json\/wp\/v2\/posts\/235","targetHints":{"allow":["GET"]}}],"collection":[{"href":"https:\/\/snudifo75.com\/index.php\/wp-json\/wp\/v2\/posts"}],"about":[{"href":"https:\/\/snudifo75.com\/index.php\/wp-json\/wp\/v2\/types\/post"}],"author":[{"embeddable":true,"href":"https:\/\/snudifo75.com\/index.php\/wp-json\/wp\/v2\/users\/2"}],"replies":[{"embeddable":true,"href":"https:\/\/snudifo75.com\/index.php\/wp-json\/wp\/v2\/comments?post=235"}],"version-history":[{"count":1,"href":"https:\/\/snudifo75.com\/index.php\/wp-json\/wp\/v2\/posts\/235\/revisions"}],"predecessor-version":[{"id":237,"href":"https:\/\/snudifo75.com\/index.php\/wp-json\/wp\/v2\/posts\/235\/revisions\/237"}],"wp:featuredmedia":[{"embeddable":true,"href":"https:\/\/snudifo75.com\/index.php\/wp-json\/wp\/v2\/media\/236"}],"wp:attachment":[{"href":"https:\/\/snudifo75.com\/index.php\/wp-json\/wp\/v2\/media?parent=235"}],"wp:term":[{"taxonomy":"category","embeddable":true,"href":"https:\/\/snudifo75.com\/index.php\/wp-json\/wp\/v2\/categories?post=235"},{"taxonomy":"post_tag","embeddable":true,"href":"https:\/\/snudifo75.com\/index.php\/wp-json\/wp\/v2\/tags?post=235"}],"curies":[{"name":"wp","href":"https:\/\/api.w.org\/{rel}","templated":true}]}}