{"id":242,"date":"2025-10-14T14:33:54","date_gmt":"2025-10-14T12:33:54","guid":{"rendered":"https:\/\/hg9sbxburkv.preview.infomaniak.website\/?p=242"},"modified":"2025-10-14T14:33:54","modified_gmt":"2025-10-14T12:33:54","slug":"audience-ville-de-paris-rythmes-scolaires-direction-decole-13-10-2025","status":"publish","type":"post","link":"https:\/\/snudifo75.com\/index.php\/2025\/10\/14\/audience-ville-de-paris-rythmes-scolaires-direction-decole-13-10-2025\/","title":{"rendered":"Audience Ville de Paris, rythmes scolaires, direction d&rsquo;\u00e9cole (13\/10\/2025)"},"content":{"rendered":"\n<p class=\"has-text-align-center has-large-font-size\"><strong><mark style=\"background-color:rgba(0, 0, 0, 0)\" class=\"has-inline-color has-vivid-red-color\">Le SNUDI FO 75 est re\u00e7u en audience par la Ville de Paris le 5\/11<\/mark><\/strong><\/p>\n\n\n\n<p class=\"has-text-align-center has-large-font-size\"><strong><mark style=\"background-color:rgba(0, 0, 0, 0)\" class=\"has-inline-color has-vivid-red-color\">Faites remonter les situations de vos \u00e9coles\u00a0!<\/mark><\/strong><\/p>\n\n\n\n<p>Le SNUDI FO 75 rencontrera le mercredi 5 novembre prochain Monsieur Patrick Bloche, Premier adjoint au maire de Paris en charge des affaires scolaires.<\/p>\n\n\n\n<p>A l\u2019ordre du jour de cette r\u00e9union figurent entre autres les sujets suivants&nbsp;: d\u00e9charges des directeurs d\u2019\u00e9cole, rythmes scolaires \u00e0 Paris, arr\u00eat de l\u2019obligation de propret\u00e9 pour les \u00e9l\u00e8ves de maternelles \u2026<\/p>\n\n\n\n<p>Sur les rythmes scolaires le SNUDI FO 75 s\u2019est adress\u00e9 \u00e0 l\u2019ensemble des Pr\u00e9sidents de groupe<\/p>\n\n\n\n<p><strong>Afin que le syndicat puisse intervenir de la mani\u00e8re la plus concr\u00e8te possible<\/strong> sur les autres sujets comme les probl\u00e8mes de locaux (cours Oasis, amiante, chauffage, temp\u00e9ratures extr\u00eames \u2026), les travaux n\u00e9cessaires dans les \u00e9coles, les probl\u00e8mes de remplacement des ASEM et des ATE, les difficult\u00e9s des AESH cumulant un emploi d\u2019animateur, les questions sur les commandes de mat\u00e9riel, les classes de d\u00e9couverte \u2026 <strong>nous vous proposons de nous communiquer d\u00e8s maintenant tous les \u00e9l\u00e9ments que vous souhaiteriez soumettre \u00e0 la Ville de Paris.&nbsp;<\/strong><\/p>\n\n\n\n<p>&#8212;&#8212;&#8212;&#8212;&#8212;&#8212;&#8212;&#8212;&#8212;&#8212;&#8212;&#8212;&#8212;&#8212;&#8212;&#8212;&#8212;&#8212;&#8212;&#8212;&#8212;&#8212;&#8212;&#8212;&#8212;&#8212;&#8212;&#8212;&#8212;&#8212;&#8212;&#8212;&#8212;&#8212;&#8212;&#8212;&#8212;&#8212;&#8212;&#8212;&#8212;&#8212;-<\/p>\n\n\n\n<p class=\"has-text-align-center has-large-font-size\"><strong><mark style=\"background-color:rgba(0, 0, 0, 0)\" class=\"has-inline-color has-vivid-red-color\">Les AESH manquent partout\u00a0: organisons-nous pour exiger les AESH n\u00e9cessaires sur nos \u00e9coles\u00a0!<\/mark><\/strong><\/p>\n\n\n\n<p>Dans de nombreuses \u00e9coles \u00e0 Paris, les coll\u00e8gues font \u00e9tat d\u2019un manque criant d\u2019AESH, laissant des centaines d\u2019\u00e9l\u00e8ves sans l\u2019accompagnement auquel ils ont droit.<\/p>\n\n\n\n<p>De nombreuses situations d\u2019\u00e9l\u00e8ves priv\u00e9s de soins remontent \u00e9galement au syndicat.<\/p>\n\n\n\n<p>Dans une \u00e9cole du 11<sup>\u00e8me<\/sup> arrondissement, les coll\u00e8gues se r\u00e9unissent, avec les AESH et le syndicat pour exiger que des solutions soient trouv\u00e9es pour un \u00e9l\u00e8ve d\u2019ULIS qui place l\u2019\u00e9quipe, les autres \u00e9l\u00e8ves dans des situations dangereuses. Ils d\u00e9cident de demander audience \u00e0 leur IEN pour exiger des AESH suppl\u00e9mentaires et un enseignement adapt\u00e9 pour cet \u00e9l\u00e8ve.<\/p>\n\n\n\n<p>Le SNUDI FO 75 sera re\u00e7u le lundi 3 novembre par la DASEN et portera toutes les situations que les coll\u00e8gues feront remonter. Vous trouverez en pi\u00e8ce jointe le questionnaire de rentr\u00e9e que nous vous invitons \u00e0 remplir et \u00e0 renvoyer au syndicat.<\/p>\n\n\n\n<p><strong>Le SNUDI FO 75 invite les coll\u00e8gues \u00e0 se r\u00e9unir, \u00e0 lister leurs revendications et \u00e0 d\u00e9cider ensemble des moyens de les obtenir&nbsp;!<\/strong><\/p>\n\n\n\n<p>&#8212;&#8212;&#8212;&#8212;&#8212;&#8212;&#8212;&#8212;&#8212;&#8212;&#8212;&#8212;&#8212;&#8212;&#8212;&#8212;&#8212;&#8212;&#8212;&#8212;&#8212;&#8212;&#8212;&#8212;&#8212;&#8212;&#8212;&#8212;&#8212;&#8212;&#8212;&#8212;&#8212;&#8212;&#8212;&#8212;&#8212;&#8212;&#8212;&#8212;&#8212;&#8212;-<\/p>\n\n\n\n<p class=\"has-text-align-center has-large-font-size\"><strong><mark style=\"background-color:rgba(0, 0, 0, 0)\" class=\"has-inline-color has-vivid-red-color\">Direction d\u2019\u00e9cole\u00a0: le SNUDI FO 75 s\u2019adresse au Minist\u00e8re<\/mark><\/strong><\/p>\n\n\n\n<p>Depuis le d\u00e9but de la mobilisation pour le maintien du syst\u00e8me de d\u00e9charge de direction d\u2019\u00e9cole \u00e0 Paris, le SNUDI FO 75 a toujours \u0153uvr\u00e9 pour l\u2019unit\u00e9. D\u00e8s d\u00e9cembre 2024, apr\u00e8s la sortie du rapport de la Cour des Comptes, le SNUDI FO 75 avait propos\u00e9 une p\u00e9tition intersyndicale, puis une r\u00e9union intersyndicale. Le SNUDI FO 75 n\u2019a eu de cesse de rappeler aupr\u00e8s de l\u2019ensemble des interlocuteurs son exigence de maintien des d\u00e9charges de direction. En cette rentr\u00e9e, le syndicat a interrog\u00e9 l\u2019Acad\u00e9mie qui n\u2019avait pas de nouveaux \u00e9l\u00e9ments \u00e0 annoncer.<\/p>\n\n\n\n<p><strong>Toujours dans ce souci d\u2019unit\u00e9, le SNUDI FO 75 s\u2019est adress\u00e9 aux autres organisations syndicales pour proposer une demande d\u2019audience commune au Minist\u00e8re.<\/strong><\/p>\n\n\n\n<p>En effet, le Premier Adjoint \u00e0 la Maire de Paris charg\u00e9 de l\u2019\u00e9ducation, de la petite enfance et des familles, M. Bloche, a annonc\u00e9, \u00e0 plusieurs reprises et dans diff\u00e9rents contextes, qu\u2019une convention devrait pouvoir \u00eatre sign\u00e9e entre le Minist\u00e8re et la Ville de Paris afin de maintenir le syst\u00e8me de d\u00e9charges actuel.<\/p>\n\n\n\n<p><strong>Pour le SNUDI FO 75 les annonces qui ont \u00e9t\u00e9 faites sont donc \u00e0 prendre avec la plus grande prudence.<\/strong><\/p>\n\n\n\n<p><strong>Le SNUDI FO 75 s\u2019est donc adress\u00e9 au Minist\u00e8re pour rappeler son exigence de maintien du syst\u00e8me actuel et demander une information sur l\u2019avancement des discussions sur la signature d\u2019une nouvelle convention.<\/strong><\/p>\n\n\n\n<p>Vous trouverez ce courrier en pi\u00e8ce jointe.<\/p>\n\n\n\n<p>&#8212;&#8212;&#8212;&#8212;&#8212;&#8212;&#8212;&#8212;&#8212;&#8212;&#8212;&#8212;&#8212;&#8212;&#8212;&#8212;&#8212;&#8212;&#8212;&#8212;&#8212;&#8212;&#8212;&#8212;&#8212;&#8212;&#8212;&#8212;&#8212;&#8212;&#8212;&#8212;&#8212;&#8212;&#8212;&#8212;&#8212;&#8212;&#8212;&#8212;&#8212;&#8212;-<\/p>\n\n\n\n<p class=\"has-text-align-center has-large-font-size\"><strong><mark style=\"background-color:rgba(0, 0, 0, 0)\" class=\"has-inline-color has-vivid-red-color\">Stagiaires\u00a0: transmettez \u00e0 vos coll\u00e8gues stagiaires les deux lettres d\u2019information du SNUDI FO 75\u00a0!<\/mark><\/strong><\/p>\n\n\n\n<p>\u00ab&nbsp;<em>V<\/em><em>ous avez r\u00e9ussi le concours de professeurs des \u00e9coles, nous vous en f\u00e9licitons.<\/em><\/p>\n\n\n\n<p><em>Cette ann\u00e9e va \u00eatre partag\u00e9e pour certains entre votre formation \u00e0 l\u2019INSPE et votre travail en classe et pour d\u2019autres sur votre travail en classe avec quelques p\u00e9riodes de formation.<\/em><\/p>\n\n\n\n<p><em>Durant cette ann\u00e9e, vous pourrez compter sur le SNUDI FO 75 pour vous aider tout au long de votre parcours. N\u2019h\u00e9sitez pas \u00e0 nous solliciter, par mail, par t\u00e9l\u00e9phone ou lors de nos permanences.<\/em><\/p>\n\n\n\n<p><strong><em>Si vous avez une question ou une difficult\u00e9, ne restez pas isol\u00e9s, contactez-nous rapidement. <\/em><\/strong><em><\/em><\/p>\n\n\n\n<p><em>Lors de nos permanences \u00e0 l\u2019INSPE, sur notre site internet (qui est en cours de refonte) mais \u00e9galement via des mails comme celui-ci, nous vous fournirons, au fur et \u00e0 mesure des mois, des informations concr\u00e8tes et utiles (reclassement, obligation r\u00e9glementaire de service, action sociale&#8230;).<\/em><\/p>\n\n\n\n<p><em>Nous vous fournirons d\u00e8s que possible le planning de nos permanences \u00e0 Molitor et \u00e0 Batignolles.<\/em><\/p>\n\n\n\n<p><em>Dans cette premi\u00e8re publication, vous trouverez une explication sur le reclassement.<\/em>&nbsp;\u00bb<\/p>\n\n\n\n<p>&nbsp;En pi\u00e8ce jointe&nbsp;:<\/p>\n\n\n\n<ul class=\"wp-block-list\">\n<li>Lettre d\u2019information sp\u00e9ciale stagiaires n\u00b01\u00a0: le reclassement<\/li>\n\n\n\n<li>Lettre d\u2019information sp\u00e9ciale stagiaires n\u00b02\u00a0: le calendrier de votre ann\u00e9e<\/li>\n<\/ul>\n","protected":false},"excerpt":{"rendered":"<div class=\"mh-excerpt\">Le SNUDI FO 75 est re\u00e7u en audience par la Ville de Paris le 5\/11 Faites remonter les situations de vos \u00e9coles\u00a0! Le SNUDI FO 75 rencontrera le mercredi 5 novembre prochain Monsieur Patrick Bloche, <a class=\"mh-excerpt-more\" href=\"https:\/\/snudifo75.com\/index.php\/2025\/10\/14\/audience-ville-de-paris-rythmes-scolaires-direction-decole-13-10-2025\/\" title=\"Audience Ville de Paris, rythmes scolaires, direction d&rsquo;\u00e9cole (13\/10\/2025)\">[&#8230;]<\/a><\/div>\n","protected":false},"author":2,"featured_media":31,"comment_status":"closed","ping_status":"closed","sticky":false,"template":"","format":"standard","meta":{"_price":"","_stock":"","_tribe_ticket_header":"","_tribe_default_ticket_provider":"","_tribe_ticket_capacity":"0","_ticket_start_date":"","_ticket_end_date":"","_tribe_ticket_show_description":"","_tribe_ticket_show_not_going":false,"_tribe_ticket_use_global_stock":"","_tribe_ticket_global_stock_level":"","_global_stock_mode":"","_global_stock_cap":"","_tribe_rsvp_for_event":"","_tribe_ticket_going_count":"","_tribe_ticket_not_going_count":"","_tribe_tickets_list":"[]","_tribe_ticket_has_attendee_info_fields":false,"footnotes":""},"categories":[36],"tags":[],"class_list":["post-242","post","type-post","status-publish","format-standard","has-post-thumbnail","category-communiques"],"_links":{"self":[{"href":"https:\/\/snudifo75.com\/index.php\/wp-json\/wp\/v2\/posts\/242","targetHints":{"allow":["GET"]}}],"collection":[{"href":"https:\/\/snudifo75.com\/index.php\/wp-json\/wp\/v2\/posts"}],"about":[{"href":"https:\/\/snudifo75.com\/index.php\/wp-json\/wp\/v2\/types\/post"}],"author":[{"embeddable":true,"href":"https:\/\/snudifo75.com\/index.php\/wp-json\/wp\/v2\/users\/2"}],"replies":[{"embeddable":true,"href":"https:\/\/snudifo75.com\/index.php\/wp-json\/wp\/v2\/comments?post=242"}],"version-history":[{"count":1,"href":"https:\/\/snudifo75.com\/index.php\/wp-json\/wp\/v2\/posts\/242\/revisions"}],"predecessor-version":[{"id":243,"href":"https:\/\/snudifo75.com\/index.php\/wp-json\/wp\/v2\/posts\/242\/revisions\/243"}],"wp:featuredmedia":[{"embeddable":true,"href":"https:\/\/snudifo75.com\/index.php\/wp-json\/wp\/v2\/media\/31"}],"wp:attachment":[{"href":"https:\/\/snudifo75.com\/index.php\/wp-json\/wp\/v2\/media?parent=242"}],"wp:term":[{"taxonomy":"category","embeddable":true,"href":"https:\/\/snudifo75.com\/index.php\/wp-json\/wp\/v2\/categories?post=242"},{"taxonomy":"post_tag","embeddable":true,"href":"https:\/\/snudifo75.com\/index.php\/wp-json\/wp\/v2\/tags?post=242"}],"curies":[{"name":"wp","href":"https:\/\/api.w.org\/{rel}","templated":true}]}}